{"id":9436,"date":"2021-05-06T19:27:01","date_gmt":"2021-05-06T17:27:01","guid":{"rendered":"https:\/\/www.chemin-neuf.ch\/?p=9436"},"modified":"2026-02-02T14:37:07","modified_gmt":"2026-02-02T13:37:07","slug":"bruecken-bauen-zwischen-menschen-und-voelkern","status":"publish","type":"post","link":"https:\/\/www.chemin-neuf.ch\/de\/bruecken-bauen-zwischen-menschen-und-voelkern\/","title":{"rendered":"Br\u00fccken bauen zwischen <br> Menschen und V\u00f6lkern"},"content":{"rendered":"\n<p class=\"has-large-font-size\">&#8222;<em>Sie gehen in einer \u00f6kumenischen Offenheit und mit einem Herzen vorw\u00e4rts, das bereit ist, verschiedene Kulturen und Traditionen aufzunehmen, um das Gesicht unserer Gesellschaft zu ver\u00e4ndern<\/em>.&#8220; Am Freitag, 30. April 2021, empfing Papst Franziskus die Politik-Fraternit\u00e4t der Gemeinschaft Chemin Neuf in Privataudienz. \u00dcber 30 junge Erwachsene, Mitglieder der Politik-Fraternit\u00e4t oder Teilnehmer an der Vorbereitung des <a href=\"https:\/\/welcometoparadise.fr\/en\/changemakers\/\" target=\"_blank\" rel=\"noreferrer noopener\"><strong>Changemakers-Treffens<\/strong><\/a>, waren zu diesem Anlass nach Rom gereist. Da wir aus etwa f\u00fcnfzehn L\u00e4ndern kamen, aus f\u00fcnf Kontinenten und sechs verschiedenen Kirchen angeh\u00f6rten, war die Vielfalt, die wir gerne leben, gut vertreten! Zweimal hat derjenige, der vor kurzem der Welt die Enzyklika <em>Fratelli Tutti<\/em> geschenkt hat, uns ermahnt, <em>&#8222;Br\u00fccken zwischen den Menschen, zwischen den V\u00f6lkern zu bauen<\/em>&#8220; und <em>&#8222;Bande der Freundschaft zu schaffen<\/em>&#8222;.<\/p>\n\n\n\n<div class=\"wp-block-buttons alignwide is-content-justification-center is-layout-flex wp-block-buttons-is-layout-flex\">\n<div class=\"wp-block-button\"><a class=\"wp-block-button__link has-white-color has-orange-background-color has-text-color has-background no-border-radius\" href=\"https:\/\/www.vatican.va\/content\/francesco\/en\/speeches\/2021\/april\/documents\/papa-francesco_20210430_chemin-neuf.html\" target=\"_blank\" rel=\"noreferrer noopener\">Botschaft von Papst Franziskus an die Mitglieder der Politik-Fraternit\u00e4t<\/a><\/div>\n<\/div>\n\n\n\n<div class=\"wp-block-columns is-layout-flex wp-container-core-columns-is-layout-9d6595d7 wp-block-columns-is-layout-flex\">\n<div class=\"wp-block-column is-layout-flow wp-block-column-is-layout-flow\">\n<figure class=\"wp-block-image size-large is-style-default\"><img loading=\"lazy\" decoding=\"async\" width=\"1024\" height=\"576\" src=\"https:\/\/www.chemin-neuf.ch\/wp-content\/uploads\/2021\/05\/2020-04-30-Audience-Pape-2-1024x576-1.jpeg\" alt=\"\" class=\"wp-image-9451\" srcset=\"https:\/\/www.chemin-neuf.ch\/wp-content\/uploads\/2021\/05\/2020-04-30-Audience-Pape-2-1024x576-1.jpeg 1024w, https:\/\/www.chemin-neuf.ch\/wp-content\/uploads\/2021\/05\/2020-04-30-Audience-Pape-2-1024x576-1-300x169.jpeg 300w, https:\/\/www.chemin-neuf.ch\/wp-content\/uploads\/2021\/05\/2020-04-30-Audience-Pape-2-1024x576-1-768x432.jpeg 768w\" sizes=\"auto, (max-width: 1024px) 100vw, 1024px\" \/><\/figure>\n<\/div>\n\n\n\n<div class=\"wp-block-column is-layout-flow wp-block-column-is-layout-flow\">\n<figure class=\"wp-block-image size-large is-style-default\"><img loading=\"lazy\" decoding=\"async\" width=\"1024\" height=\"576\" src=\"https:\/\/www.chemin-neuf.ch\/wp-content\/uploads\/2021\/05\/2020-04-30-Audience-Pape-3-1024x576-1.jpeg\" alt=\"\" class=\"wp-image-9453\" srcset=\"https:\/\/www.chemin-neuf.ch\/wp-content\/uploads\/2021\/05\/2020-04-30-Audience-Pape-3-1024x576-1.jpeg 1024w, https:\/\/www.chemin-neuf.ch\/wp-content\/uploads\/2021\/05\/2020-04-30-Audience-Pape-3-1024x576-1-300x169.jpeg 300w, https:\/\/www.chemin-neuf.ch\/wp-content\/uploads\/2021\/05\/2020-04-30-Audience-Pape-3-1024x576-1-768x432.jpeg 768w\" sizes=\"auto, (max-width: 1024px) 100vw, 1024px\" \/><\/figure>\n<\/div>\n\n\n\n<div class=\"wp-block-column is-layout-flow wp-block-column-is-layout-flow\">\n<figure class=\"wp-block-image size-large is-style-default\"><img loading=\"lazy\" decoding=\"async\" width=\"1024\" height=\"576\" src=\"https:\/\/www.chemin-neuf.ch\/wp-content\/uploads\/2021\/05\/2020-04-30-Audience-Pape-1-1024x576-1.jpeg\" alt=\"\" class=\"wp-image-9448\" srcset=\"https:\/\/www.chemin-neuf.ch\/wp-content\/uploads\/2021\/05\/2020-04-30-Audience-Pape-1-1024x576-1.jpeg 1024w, https:\/\/www.chemin-neuf.ch\/wp-content\/uploads\/2021\/05\/2020-04-30-Audience-Pape-1-1024x576-1-300x169.jpeg 300w, https:\/\/www.chemin-neuf.ch\/wp-content\/uploads\/2021\/05\/2020-04-30-Audience-Pape-1-1024x576-1-768x432.jpeg 768w\" sizes=\"auto, (max-width: 1024px) 100vw, 1024px\" \/><\/figure>\n<\/div>\n<\/div>\n\n\n\n<div class=\"wp-block-buttons alignwide is-content-justification-center is-layout-flex wp-block-buttons-is-layout-flex\">\n<div class=\"wp-block-button\"><a class=\"wp-block-button__link has-white-color has-orange-background-color has-text-color has-background no-border-radius\" href=\"https:\/\/www.youtube.com\/watch?v=fdatMIaYt-g\" target=\"_blank\" rel=\"noreferrer noopener\">Kurzes Video \u00fcber das Treffen (auf englisch)<\/a><\/div>\n<\/div>\n\n\n\n<div class=\"wp-block-buttons alignwide is-content-justification-center is-layout-flex wp-block-buttons-is-layout-flex\">\n<div class=\"wp-block-button\"><a class=\"wp-block-button__link has-white-color has-orange-background-color has-text-color has-background no-border-radius\" href=\"https:\/\/www.youtube.com\/watch?v=bPpnUJLkYJU\" target=\"_blank\" rel=\"noreferrer noopener\">Vid\u00e9o von 10 MInuten (auf franz\u00f6sisch), das auf die Botschaft von Papst Franziskus und das Feedback der jungen Leute zur\u00fcckblickt<em>.<\/em> <\/a><\/div>\n<\/div>\n\n\n\n<div class=\"wp-block-image is-style-default\"><figure class=\"aligncenter size-large\"><img loading=\"lazy\" decoding=\"async\" width=\"1024\" height=\"768\" src=\"https:\/\/www.chemin-neuf.ch\/wp-content\/uploads\/2021\/05\/FratPolitiqueVatican.jpeg\" alt=\"\" class=\"wp-image-9456\" srcset=\"https:\/\/www.chemin-neuf.ch\/wp-content\/uploads\/2021\/05\/FratPolitiqueVatican.jpeg 1024w, https:\/\/www.chemin-neuf.ch\/wp-content\/uploads\/2021\/05\/FratPolitiqueVatican-300x225.jpeg 300w, https:\/\/www.chemin-neuf.ch\/wp-content\/uploads\/2021\/05\/FratPolitiqueVatican-768x576.jpeg 768w\" sizes=\"auto, (max-width: 1024px) 100vw, 1024px\" \/><\/figure><\/div>\n","protected":false},"excerpt":{"rendered":"<p>Treffen der Politik-Fraternit\u00e4t mit Papst Franziskus am 30. April 2021<\/p>\n","protected":false},"author":6,"featured_media":9428,"comment_status":"open","ping_status":"open","sticky":false,"template":"","format":"standard","meta":{"_acf_changed":false,"footnotes":""},"categories":[159],"tags":[],"class_list":["post-9436","post","type-post","status-publish","format-standard","has-post-thumbnail","hentry","category-actualites-internationales-de"],"acf":[],"yoast_head":"<!-- This site is optimized with the Yoast SEO plugin v27.5 - https:\/\/yoast.com\/product\/yoast-seo-wordpress\/ -->\n<title>Br\u00fccken bauen zwischen  Menschen und V\u00f6lkern - Chemin Neuf Suisse<\/title>\n<meta name=\"description\" content=\"Treffen der Politik-Fraternit\u00e4t mit Papst Franziskus am 30. April 2021\" \/>\n<meta name=\"robots\" content=\"index, follow, max-snippet:-1, max-image-preview:large, max-video-preview:-1\" \/>\n<link rel=\"canonical\" href=\"https:\/\/www.chemin-neuf.ch\/de\/bruecken-bauen-zwischen-menschen-und-voelkern\/\" \/>\n<meta property=\"og:locale\" content=\"de_DE\" \/>\n<meta property=\"og:type\" content=\"article\" \/>\n<meta property=\"og:title\" content=\"Br\u00fccken bauen zwischen  Menschen und V\u00f6lkern - Chemin Neuf Suisse\" \/>\n<meta property=\"og:description\" content=\"Treffen der Politik-Fraternit\u00e4t mit Papst Franziskus am 30. April 2021\" \/>\n<meta property=\"og:url\" content=\"https:\/\/www.chemin-neuf.ch\/de\/bruecken-bauen-zwischen-menschen-und-voelkern\/\" \/>\n<meta property=\"og:site_name\" content=\"Chemin Neuf Suisse\" \/>\n<meta property=\"article:published_time\" content=\"2021-05-06T17:27:01+00:00\" \/>\n<meta property=\"article:modified_time\" content=\"2026-02-02T13:37:07+00:00\" \/>\n<meta property=\"og:image\" content=\"https:\/\/www.chemin-neuf.ch\/wp-content\/uploads\/2021\/05\/FratPolitiquePape.jpeg\" \/>\n\t<meta property=\"og:image:width\" content=\"1280\" \/>\n\t<meta property=\"og:image:height\" content=\"720\" \/>\n\t<meta property=\"og:image:type\" content=\"image\/jpeg\" \/>\n<meta name=\"author\" content=\"Francis Schubiger\" \/>\n<meta name=\"twitter:card\" content=\"summary_large_image\" \/>\n<meta name=\"twitter:label1\" content=\"Verfasst von\" \/>\n\t<meta name=\"twitter:data1\" content=\"Francis Schubiger\" \/>\n\t<meta name=\"twitter:label2\" content=\"Gesch\u00e4tzte Lesezeit\" \/>\n\t<meta name=\"twitter:data2\" content=\"2\u00a0Minuten\" \/>\n<script type=\"application\/ld+json\" class=\"yoast-schema-graph\">{\"@context\":\"https:\\\/\\\/schema.org\",\"@graph\":[{\"@type\":\"Article\",\"@id\":\"https:\\\/\\\/www.chemin-neuf.ch\\\/de\\\/bruecken-bauen-zwischen-menschen-und-voelkern\\\/#article\",\"isPartOf\":{\"@id\":\"https:\\\/\\\/www.chemin-neuf.ch\\\/de\\\/bruecken-bauen-zwischen-menschen-und-voelkern\\\/\"},\"author\":{\"name\":\"Francis Schubiger\",\"@id\":\"https:\\\/\\\/www.chemin-neuf.ch\\\/de\\\/#\\\/schema\\\/person\\\/d3653acbe19aaee12c428f4743dad642\"},\"headline\":\"Br\u00fccken bauen zwischen Menschen und V\u00f6lkern\",\"datePublished\":\"2021-05-06T17:27:01+00:00\",\"dateModified\":\"2026-02-02T13:37:07+00:00\",\"mainEntityOfPage\":{\"@id\":\"https:\\\/\\\/www.chemin-neuf.ch\\\/de\\\/bruecken-bauen-zwischen-menschen-und-voelkern\\\/\"},\"wordCount\":172,\"commentCount\":0,\"image\":{\"@id\":\"https:\\\/\\\/www.chemin-neuf.ch\\\/de\\\/bruecken-bauen-zwischen-menschen-und-voelkern\\\/#primaryimage\"},\"thumbnailUrl\":\"https:\\\/\\\/www.chemin-neuf.ch\\\/wp-content\\\/uploads\\\/2021\\\/05\\\/FratPolitiquePape.jpeg\",\"articleSection\":[\"Internationale Nachrichten\"],\"inLanguage\":\"de\",\"potentialAction\":[{\"@type\":\"CommentAction\",\"name\":\"Comment\",\"target\":[\"https:\\\/\\\/www.chemin-neuf.ch\\\/de\\\/bruecken-bauen-zwischen-menschen-und-voelkern\\\/#respond\"]}]},{\"@type\":\"WebPage\",\"@id\":\"https:\\\/\\\/www.chemin-neuf.ch\\\/de\\\/bruecken-bauen-zwischen-menschen-und-voelkern\\\/\",\"url\":\"https:\\\/\\\/www.chemin-neuf.ch\\\/de\\\/bruecken-bauen-zwischen-menschen-und-voelkern\\\/\",\"name\":\"Br\u00fccken bauen zwischen Menschen und V\u00f6lkern - Chemin Neuf Suisse\",\"isPartOf\":{\"@id\":\"https:\\\/\\\/www.chemin-neuf.ch\\\/de\\\/#website\"},\"primaryImageOfPage\":{\"@id\":\"https:\\\/\\\/www.chemin-neuf.ch\\\/de\\\/bruecken-bauen-zwischen-menschen-und-voelkern\\\/#primaryimage\"},\"image\":{\"@id\":\"https:\\\/\\\/www.chemin-neuf.ch\\\/de\\\/bruecken-bauen-zwischen-menschen-und-voelkern\\\/#primaryimage\"},\"thumbnailUrl\":\"https:\\\/\\\/www.chemin-neuf.ch\\\/wp-content\\\/uploads\\\/2021\\\/05\\\/FratPolitiquePape.jpeg\",\"datePublished\":\"2021-05-06T17:27:01+00:00\",\"dateModified\":\"2026-02-02T13:37:07+00:00\",\"author\":{\"@id\":\"https:\\\/\\\/www.chemin-neuf.ch\\\/de\\\/#\\\/schema\\\/person\\\/d3653acbe19aaee12c428f4743dad642\"},\"description\":\"Treffen der Politik-Fraternit\u00e4t mit Papst Franziskus am 30. April 2021\",\"breadcrumb\":{\"@id\":\"https:\\\/\\\/www.chemin-neuf.ch\\\/de\\\/bruecken-bauen-zwischen-menschen-und-voelkern\\\/#breadcrumb\"},\"inLanguage\":\"de\",\"potentialAction\":[{\"@type\":\"ReadAction\",\"target\":[\"https:\\\/\\\/www.chemin-neuf.ch\\\/de\\\/bruecken-bauen-zwischen-menschen-und-voelkern\\\/\"]}]},{\"@type\":\"ImageObject\",\"inLanguage\":\"de\",\"@id\":\"https:\\\/\\\/www.chemin-neuf.ch\\\/de\\\/bruecken-bauen-zwischen-menschen-und-voelkern\\\/#primaryimage\",\"url\":\"https:\\\/\\\/www.chemin-neuf.ch\\\/wp-content\\\/uploads\\\/2021\\\/05\\\/FratPolitiquePape.jpeg\",\"contentUrl\":\"https:\\\/\\\/www.chemin-neuf.ch\\\/wp-content\\\/uploads\\\/2021\\\/05\\\/FratPolitiquePape.jpeg\",\"width\":1280,\"height\":720},{\"@type\":\"BreadcrumbList\",\"@id\":\"https:\\\/\\\/www.chemin-neuf.ch\\\/de\\\/bruecken-bauen-zwischen-menschen-und-voelkern\\\/#breadcrumb\",\"itemListElement\":[{\"@type\":\"ListItem\",\"position\":1,\"name\":\"Home\",\"item\":\"https:\\\/\\\/www.chemin-neuf.ch\\\/de\\\/\"},{\"@type\":\"ListItem\",\"position\":2,\"name\":\"Br\u00fccken bauen zwischen Menschen und V\u00f6lkern\"}]},{\"@type\":\"WebSite\",\"@id\":\"https:\\\/\\\/www.chemin-neuf.ch\\\/de\\\/#website\",\"url\":\"https:\\\/\\\/www.chemin-neuf.ch\\\/de\\\/\",\"name\":\"Chemin Neuf Suisse\",\"description\":\"La Communaut\u00e9 du Chemin Neuf en Suisse\",\"potentialAction\":[{\"@type\":\"SearchAction\",\"target\":{\"@type\":\"EntryPoint\",\"urlTemplate\":\"https:\\\/\\\/www.chemin-neuf.ch\\\/de\\\/?s={search_term_string}\"},\"query-input\":{\"@type\":\"PropertyValueSpecification\",\"valueRequired\":true,\"valueName\":\"search_term_string\"}}],\"inLanguage\":\"de\"},{\"@type\":\"Person\",\"@id\":\"https:\\\/\\\/www.chemin-neuf.ch\\\/de\\\/#\\\/schema\\\/person\\\/d3653acbe19aaee12c428f4743dad642\",\"name\":\"Francis Schubiger\",\"image\":{\"@type\":\"ImageObject\",\"inLanguage\":\"de\",\"@id\":\"https:\\\/\\\/secure.gravatar.com\\\/avatar\\\/5228e6903884aa423c8c0e45ac9336ecd318c1f17074fffce583b5327db7d9f1?s=96&d=mm&r=g\",\"url\":\"https:\\\/\\\/secure.gravatar.com\\\/avatar\\\/5228e6903884aa423c8c0e45ac9336ecd318c1f17074fffce583b5327db7d9f1?s=96&d=mm&r=g\",\"contentUrl\":\"https:\\\/\\\/secure.gravatar.com\\\/avatar\\\/5228e6903884aa423c8c0e45ac9336ecd318c1f17074fffce583b5327db7d9f1?s=96&d=mm&r=g\",\"caption\":\"Francis Schubiger\"}}]}<\/script>\n<!-- \/ Yoast SEO plugin. -->","yoast_head_json":{"title":"Br\u00fccken bauen zwischen  Menschen und V\u00f6lkern - Chemin Neuf Suisse","description":"Treffen der Politik-Fraternit\u00e4t mit Papst Franziskus am 30. April 2021","robots":{"index":"index","follow":"follow","max-snippet":"max-snippet:-1","max-image-preview":"max-image-preview:large","max-video-preview":"max-video-preview:-1"},"canonical":"https:\/\/www.chemin-neuf.ch\/de\/bruecken-bauen-zwischen-menschen-und-voelkern\/","og_locale":"de_DE","og_type":"article","og_title":"Br\u00fccken bauen zwischen  Menschen und V\u00f6lkern - Chemin Neuf Suisse","og_description":"Treffen der Politik-Fraternit\u00e4t mit Papst Franziskus am 30. April 2021","og_url":"https:\/\/www.chemin-neuf.ch\/de\/bruecken-bauen-zwischen-menschen-und-voelkern\/","og_site_name":"Chemin Neuf Suisse","article_published_time":"2021-05-06T17:27:01+00:00","article_modified_time":"2026-02-02T13:37:07+00:00","og_image":[{"width":1280,"height":720,"url":"https:\/\/www.chemin-neuf.ch\/wp-content\/uploads\/2021\/05\/FratPolitiquePape.jpeg","type":"image\/jpeg"}],"author":"Francis Schubiger","twitter_card":"summary_large_image","twitter_misc":{"Verfasst von":"Francis Schubiger","Gesch\u00e4tzte Lesezeit":"2\u00a0Minuten"},"schema":{"@context":"https:\/\/schema.org","@graph":[{"@type":"Article","@id":"https:\/\/www.chemin-neuf.ch\/de\/bruecken-bauen-zwischen-menschen-und-voelkern\/#article","isPartOf":{"@id":"https:\/\/www.chemin-neuf.ch\/de\/bruecken-bauen-zwischen-menschen-und-voelkern\/"},"author":{"name":"Francis Schubiger","@id":"https:\/\/www.chemin-neuf.ch\/de\/#\/schema\/person\/d3653acbe19aaee12c428f4743dad642"},"headline":"Br\u00fccken bauen zwischen Menschen und V\u00f6lkern","datePublished":"2021-05-06T17:27:01+00:00","dateModified":"2026-02-02T13:37:07+00:00","mainEntityOfPage":{"@id":"https:\/\/www.chemin-neuf.ch\/de\/bruecken-bauen-zwischen-menschen-und-voelkern\/"},"wordCount":172,"commentCount":0,"image":{"@id":"https:\/\/www.chemin-neuf.ch\/de\/bruecken-bauen-zwischen-menschen-und-voelkern\/#primaryimage"},"thumbnailUrl":"https:\/\/www.chemin-neuf.ch\/wp-content\/uploads\/2021\/05\/FratPolitiquePape.jpeg","articleSection":["Internationale Nachrichten"],"inLanguage":"de","potentialAction":[{"@type":"CommentAction","name":"Comment","target":["https:\/\/www.chemin-neuf.ch\/de\/bruecken-bauen-zwischen-menschen-und-voelkern\/#respond"]}]},{"@type":"WebPage","@id":"https:\/\/www.chemin-neuf.ch\/de\/bruecken-bauen-zwischen-menschen-und-voelkern\/","url":"https:\/\/www.chemin-neuf.ch\/de\/bruecken-bauen-zwischen-menschen-und-voelkern\/","name":"Br\u00fccken bauen zwischen Menschen und V\u00f6lkern - Chemin Neuf Suisse","isPartOf":{"@id":"https:\/\/www.chemin-neuf.ch\/de\/#website"},"primaryImageOfPage":{"@id":"https:\/\/www.chemin-neuf.ch\/de\/bruecken-bauen-zwischen-menschen-und-voelkern\/#primaryimage"},"image":{"@id":"https:\/\/www.chemin-neuf.ch\/de\/bruecken-bauen-zwischen-menschen-und-voelkern\/#primaryimage"},"thumbnailUrl":"https:\/\/www.chemin-neuf.ch\/wp-content\/uploads\/2021\/05\/FratPolitiquePape.jpeg","datePublished":"2021-05-06T17:27:01+00:00","dateModified":"2026-02-02T13:37:07+00:00","author":{"@id":"https:\/\/www.chemin-neuf.ch\/de\/#\/schema\/person\/d3653acbe19aaee12c428f4743dad642"},"description":"Treffen der Politik-Fraternit\u00e4t mit Papst Franziskus am 30. April 2021","breadcrumb":{"@id":"https:\/\/www.chemin-neuf.ch\/de\/bruecken-bauen-zwischen-menschen-und-voelkern\/#breadcrumb"},"inLanguage":"de","potentialAction":[{"@type":"ReadAction","target":["https:\/\/www.chemin-neuf.ch\/de\/bruecken-bauen-zwischen-menschen-und-voelkern\/"]}]},{"@type":"ImageObject","inLanguage":"de","@id":"https:\/\/www.chemin-neuf.ch\/de\/bruecken-bauen-zwischen-menschen-und-voelkern\/#primaryimage","url":"https:\/\/www.chemin-neuf.ch\/wp-content\/uploads\/2021\/05\/FratPolitiquePape.jpeg","contentUrl":"https:\/\/www.chemin-neuf.ch\/wp-content\/uploads\/2021\/05\/FratPolitiquePape.jpeg","width":1280,"height":720},{"@type":"BreadcrumbList","@id":"https:\/\/www.chemin-neuf.ch\/de\/bruecken-bauen-zwischen-menschen-und-voelkern\/#breadcrumb","itemListElement":[{"@type":"ListItem","position":1,"name":"Home","item":"https:\/\/www.chemin-neuf.ch\/de\/"},{"@type":"ListItem","position":2,"name":"Br\u00fccken bauen zwischen Menschen und V\u00f6lkern"}]},{"@type":"WebSite","@id":"https:\/\/www.chemin-neuf.ch\/de\/#website","url":"https:\/\/www.chemin-neuf.ch\/de\/","name":"Chemin Neuf Suisse","description":"La Communaut\u00e9 du Chemin Neuf en Suisse","potentialAction":[{"@type":"SearchAction","target":{"@type":"EntryPoint","urlTemplate":"https:\/\/www.chemin-neuf.ch\/de\/?s={search_term_string}"},"query-input":{"@type":"PropertyValueSpecification","valueRequired":true,"valueName":"search_term_string"}}],"inLanguage":"de"},{"@type":"Person","@id":"https:\/\/www.chemin-neuf.ch\/de\/#\/schema\/person\/d3653acbe19aaee12c428f4743dad642","name":"Francis Schubiger","image":{"@type":"ImageObject","inLanguage":"de","@id":"https:\/\/secure.gravatar.com\/avatar\/5228e6903884aa423c8c0e45ac9336ecd318c1f17074fffce583b5327db7d9f1?s=96&d=mm&r=g","url":"https:\/\/secure.gravatar.com\/avatar\/5228e6903884aa423c8c0e45ac9336ecd318c1f17074fffce583b5327db7d9f1?s=96&d=mm&r=g","contentUrl":"https:\/\/secure.gravatar.com\/avatar\/5228e6903884aa423c8c0e45ac9336ecd318c1f17074fffce583b5327db7d9f1?s=96&d=mm&r=g","caption":"Francis Schubiger"}}]}},"_links":{"self":[{"href":"https:\/\/www.chemin-neuf.ch\/de\/wp-json\/wp\/v2\/posts\/9436","targetHints":{"allow":["GET"]}}],"collection":[{"href":"https:\/\/www.chemin-neuf.ch\/de\/wp-json\/wp\/v2\/posts"}],"about":[{"href":"https:\/\/www.chemin-neuf.ch\/de\/wp-json\/wp\/v2\/types\/post"}],"author":[{"embeddable":true,"href":"https:\/\/www.chemin-neuf.ch\/de\/wp-json\/wp\/v2\/users\/6"}],"replies":[{"embeddable":true,"href":"https:\/\/www.chemin-neuf.ch\/de\/wp-json\/wp\/v2\/comments?post=9436"}],"version-history":[{"count":14,"href":"https:\/\/www.chemin-neuf.ch\/de\/wp-json\/wp\/v2\/posts\/9436\/revisions"}],"predecessor-version":[{"id":9798,"href":"https:\/\/www.chemin-neuf.ch\/de\/wp-json\/wp\/v2\/posts\/9436\/revisions\/9798"}],"wp:featuredmedia":[{"embeddable":true,"href":"https:\/\/www.chemin-neuf.ch\/de\/wp-json\/wp\/v2\/media\/9428"}],"wp:attachment":[{"href":"https:\/\/www.chemin-neuf.ch\/de\/wp-json\/wp\/v2\/media?parent=9436"}],"wp:term":[{"taxonomy":"category","embeddable":true,"href":"https:\/\/www.chemin-neuf.ch\/de\/wp-json\/wp\/v2\/categories?post=9436"},{"taxonomy":"post_tag","embeddable":true,"href":"https:\/\/www.chemin-neuf.ch\/de\/wp-json\/wp\/v2\/tags?post=9436"}],"curies":[{"name":"wp","href":"https:\/\/api.w.org\/{rel}","templated":true}]}}