{"id":52294,"date":"2024-10-02T19:33:18","date_gmt":"2024-10-02T17:33:18","guid":{"rendered":"https:\/\/www.chemin-neuf.ch\/?p=52294"},"modified":"2026-02-02T14:32:10","modified_gmt":"2026-02-02T13:32:10","slug":"zweite-sitzung-der-synode-in-rom","status":"publish","type":"post","link":"https:\/\/www.chemin-neuf.ch\/de\/zweite-sitzung-der-synode-in-rom\/","title":{"rendered":"Zweite Sitzung der Synode in Rom, Oktober 2024"},"content":{"rendered":"\n<p class=\"has-normal-font-size\">Pastorin&nbsp;<strong>Anne-Cathy Graber<\/strong>, Mitglied der Gemeinschaft Chemin Neuf,&nbsp;<a href=\"https:\/\/www.loyolaparis.fr\/\" target=\"_blank\" rel=\"noreferrer noopener\"><u>Loyola Paris<\/u><\/a>, doppelte Staatsangeh\u00f6rigkeit von Frankreich und der Schweiz, war die geschwisterliche Delegierte der Mennonitischen Weltkonferenz bei der Synode in Rom.<\/p>\n\n\n\n<p class=\"has-normal-font-size\">Vom 2. bis 27. Oktober 2024 hat die zweite Sitzung der&nbsp;XVI. Ordentlichen Generalversammlung der Bischofssynode mit dem Thema \u201eF\u00fcr eine synodale Kirche: Gemeinschaft, Teilhabe und Sendung\u201c stattgefunden. Diese Synode \u00fcber die Synodalit\u00e4t wurde im Oktober 2021 er\u00f6ffnet und wurde mit dieser Sitzung im Oktober 2024 abgeschlossen.<\/p>\n\n\n\n<p class=\"has-normal-font-size\">Der zusammenfassende Bericht der ersten Sitzung (Vatikan, 4.-29. Oktober 2023) mit dem Titel \u201eEine synodale Kirche in Mission\u201c widmet der \u00f6kumenischen Dimension umfangreiche Passagen. In der Tat ist das Thema der Generalversammlung von besonderer \u00f6kumenischer Bedeutung, da die Synodalit\u00e4t eine Herausforderung ist, die gemeinsam mit anderen Christen angenommen werden muss, deren Weg zur Einheit ein&nbsp;<em>syn\/odos<\/em>&nbsp;ist, d.h. ein Weg, eine Pilgerreise, die gemeinsam zur\u00fcckgelegt wird.<\/p>\n\n\n\n<p class=\"has-normal-font-size\">Daher wurden auch dieses Mal wieder geschwisterliche Delegierte aus verschiedenen Kirchen und kirchlichen Gemeinschaften eingeladen. Diese Delegierten sind nicht nur Beobachter, sondern nahmen voll an den Diskussionen sowie an den geistlichen Einkehrtagen zur Vorbereitung der Synode vom 30. September bis 1. Oktober teil. Im Jahr 2023 waren es 12 Vertreter der vier grossen christlichen Traditionen: drei aus der orthodoxen Kirche, drei aus den orientalischen orthodoxen Kirchen, drei aus den historischen protestantischen Gemeinschaften und drei aus den Evangelikalen-Pfingstlern. Es wurde beschlossen, diese Zahl f\u00fcr die zweite Sitzung auf 16 Vertreter zu erh\u00f6hen. &#8222;Papst Franziskus hat es m\u00f6glich gemacht, ihre Zahl angesichts des grossen Interesses zu erh\u00f6hen, das die Schwesterkirchen an dieser Synode gezeigt haben.&#8220;<\/p>\n\n\n\n<p class=\"has-normal-font-size\">So wurde Reverend C\u00e9sar Garcia, Generalsekret\u00e4r der Mennonitischen Weltkonferenz, gebeten, einen Vertreter f\u00fcr seine Kirche zu benennen, und er nominierte unsere Schwester <strong>Anne-Cathy Graber<\/strong>. Sie war somit eine der Frauen, die an den Debatten teilgenommen haben.<\/p>\n\n\n\n<p class=\"has-normal-font-size\">Die \u00f6kumenische Dimension war bei dieser Synode aufgrund des Themas selbst von grosser Bedeutung. Der Synthesebericht von 2023 betont, dass \u201ees keine Synodalit\u00e4t ohne eine \u00f6kumenische Dimension geben kann\u201c, und widmet ein ganzes Kapitel dem \u201eWeg zur Einheit der Christen\u201c (Kapitel 7). Die Versammlung erkennt darin an, dass \u201ewir uns in einem \u00f6kumenischen&nbsp;<em>Kairos<\/em>&nbsp;befinden\u201c, dass die Taufe, \u201edie die Quelle der Synodalit\u00e4t ist, auch die Grundlage der \u00d6kumene bildet\u201c, und dass die Zusammenarbeit zwischen allen Christen notwendig ist, um die pastoralen Herausforderungen unserer Zeit zu bew\u00e4ltigen.<\/p>\n\n\n\n<p class=\"has-normal-font-size\">Schlie\u00dflich hat diese Tagung die Gelegenheit geboten, den\u00a0<strong><a href=\"https:\/\/www.vaticannews.va\/de\/papst\/news\/2024-04\/papst-vorwort-gespraech-im-geist-guerrero-alves-martin-lopez.html#:~:text=Im%20Gespr%C3%A4ch%20im%20Geist%20finden,%E2%80%9C%2C%20zeigt%20er%20sich%20%C3%BCberzeugt.\" target=\"_blank\" rel=\"noreferrer noopener\">Prozess des \u201eGespr\u00e4chs im Geist\u201c<\/a><\/strong>, der bereits seit Beginn der Synode praktiziert wird, erneut zu erleben.<\/p>\n\n\n\n<p class=\"has-normal-font-size\">Das Vorbereitungsdokument f\u00fcr diese Tagung im Oktober 2024<em>, Instrumentum Laboris<\/em>, betont dies: \u201eWir sind noch dabei zu lernen, eine missionarische Synodenkirche zu sein, aber es ist eine Aufgabe, die wir erprobt haben und die wir mit Freude in Angriff nehmen k\u00f6nnen.\u201c<\/p>\n\n\n\n<p><\/p>\n","protected":false},"excerpt":{"rendered":"<p>Sr Anne-Cahty Graber, geschwisterliche Delegierte an der Synode in Rom<\/p>\n","protected":false},"author":6,"featured_media":52292,"comment_status":"open","ping_status":"open","sticky":false,"template":"","format":"standard","meta":{"_acf_changed":false,"footnotes":""},"categories":[159],"tags":[],"class_list":["post-52294","post","type-post","status-publish","format-standard","has-post-thumbnail","hentry","category-actualites-internationales-de"],"acf":[],"yoast_head":"<!-- This site is optimized with the Yoast SEO plugin v27.5 - https:\/\/yoast.com\/product\/yoast-seo-wordpress\/ -->\n<title>Zweite Sitzung der Synode in Rom, Oktober 2024 - Chemin Neuf Suisse<\/title>\n<meta name=\"description\" content=\"Sr Anne-Cahty Graber, geschwisterliche Delegierte an der Synode in Rom\" \/>\n<meta name=\"robots\" content=\"index, follow, max-snippet:-1, max-image-preview:large, max-video-preview:-1\" \/>\n<link rel=\"canonical\" href=\"https:\/\/www.chemin-neuf.ch\/de\/zweite-sitzung-der-synode-in-rom\/\" \/>\n<meta property=\"og:locale\" content=\"de_DE\" \/>\n<meta property=\"og:type\" content=\"article\" \/>\n<meta property=\"og:title\" content=\"Zweite Sitzung der Synode in Rom, Oktober 2024 - Chemin Neuf Suisse\" \/>\n<meta property=\"og:description\" content=\"Sr Anne-Cahty Graber, geschwisterliche Delegierte an der Synode in Rom\" \/>\n<meta property=\"og:url\" content=\"https:\/\/www.chemin-neuf.ch\/de\/zweite-sitzung-der-synode-in-rom\/\" \/>\n<meta property=\"og:site_name\" content=\"Chemin Neuf Suisse\" \/>\n<meta property=\"article:published_time\" content=\"2024-10-02T17:33:18+00:00\" \/>\n<meta property=\"article:modified_time\" content=\"2026-02-02T13:32:10+00:00\" \/>\n<meta property=\"og:image\" content=\"https:\/\/www.chemin-neuf.ch\/wp-content\/uploads\/2024\/10\/Rome_Synode.jpeg\" \/>\n\t<meta property=\"og:image:width\" content=\"1920\" \/>\n\t<meta property=\"og:image:height\" content=\"711\" \/>\n\t<meta property=\"og:image:type\" content=\"image\/jpeg\" \/>\n<meta name=\"author\" content=\"Francis Schubiger\" \/>\n<meta name=\"twitter:card\" content=\"summary_large_image\" \/>\n<meta name=\"twitter:label1\" content=\"Verfasst von\" \/>\n\t<meta name=\"twitter:data1\" content=\"Francis Schubiger\" \/>\n\t<meta name=\"twitter:label2\" content=\"Gesch\u00e4tzte Lesezeit\" \/>\n\t<meta name=\"twitter:data2\" content=\"3\u00a0Minuten\" \/>\n<script type=\"application\/ld+json\" class=\"yoast-schema-graph\">{\"@context\":\"https:\\\/\\\/schema.org\",\"@graph\":[{\"@type\":\"Article\",\"@id\":\"https:\\\/\\\/www.chemin-neuf.ch\\\/de\\\/zweite-sitzung-der-synode-in-rom\\\/#article\",\"isPartOf\":{\"@id\":\"https:\\\/\\\/www.chemin-neuf.ch\\\/de\\\/zweite-sitzung-der-synode-in-rom\\\/\"},\"author\":{\"name\":\"Francis Schubiger\",\"@id\":\"https:\\\/\\\/www.chemin-neuf.ch\\\/de\\\/#\\\/schema\\\/person\\\/d3653acbe19aaee12c428f4743dad642\"},\"headline\":\"Zweite Sitzung der Synode in Rom, Oktober 2024\",\"datePublished\":\"2024-10-02T17:33:18+00:00\",\"dateModified\":\"2026-02-02T13:32:10+00:00\",\"mainEntityOfPage\":{\"@id\":\"https:\\\/\\\/www.chemin-neuf.ch\\\/de\\\/zweite-sitzung-der-synode-in-rom\\\/\"},\"wordCount\":465,\"commentCount\":0,\"image\":{\"@id\":\"https:\\\/\\\/www.chemin-neuf.ch\\\/de\\\/zweite-sitzung-der-synode-in-rom\\\/#primaryimage\"},\"thumbnailUrl\":\"https:\\\/\\\/www.chemin-neuf.ch\\\/wp-content\\\/uploads\\\/2024\\\/10\\\/Rome_Synode.jpeg\",\"articleSection\":[\"Internationale Nachrichten\"],\"inLanguage\":\"de\",\"potentialAction\":[{\"@type\":\"CommentAction\",\"name\":\"Comment\",\"target\":[\"https:\\\/\\\/www.chemin-neuf.ch\\\/de\\\/zweite-sitzung-der-synode-in-rom\\\/#respond\"]}]},{\"@type\":\"WebPage\",\"@id\":\"https:\\\/\\\/www.chemin-neuf.ch\\\/de\\\/zweite-sitzung-der-synode-in-rom\\\/\",\"url\":\"https:\\\/\\\/www.chemin-neuf.ch\\\/de\\\/zweite-sitzung-der-synode-in-rom\\\/\",\"name\":\"Zweite Sitzung der Synode in Rom, Oktober 2024 - Chemin Neuf Suisse\",\"isPartOf\":{\"@id\":\"https:\\\/\\\/www.chemin-neuf.ch\\\/de\\\/#website\"},\"primaryImageOfPage\":{\"@id\":\"https:\\\/\\\/www.chemin-neuf.ch\\\/de\\\/zweite-sitzung-der-synode-in-rom\\\/#primaryimage\"},\"image\":{\"@id\":\"https:\\\/\\\/www.chemin-neuf.ch\\\/de\\\/zweite-sitzung-der-synode-in-rom\\\/#primaryimage\"},\"thumbnailUrl\":\"https:\\\/\\\/www.chemin-neuf.ch\\\/wp-content\\\/uploads\\\/2024\\\/10\\\/Rome_Synode.jpeg\",\"datePublished\":\"2024-10-02T17:33:18+00:00\",\"dateModified\":\"2026-02-02T13:32:10+00:00\",\"author\":{\"@id\":\"https:\\\/\\\/www.chemin-neuf.ch\\\/de\\\/#\\\/schema\\\/person\\\/d3653acbe19aaee12c428f4743dad642\"},\"description\":\"Sr Anne-Cahty Graber, geschwisterliche Delegierte an der Synode in Rom\",\"breadcrumb\":{\"@id\":\"https:\\\/\\\/www.chemin-neuf.ch\\\/de\\\/zweite-sitzung-der-synode-in-rom\\\/#breadcrumb\"},\"inLanguage\":\"de\",\"potentialAction\":[{\"@type\":\"ReadAction\",\"target\":[\"https:\\\/\\\/www.chemin-neuf.ch\\\/de\\\/zweite-sitzung-der-synode-in-rom\\\/\"]}]},{\"@type\":\"ImageObject\",\"inLanguage\":\"de\",\"@id\":\"https:\\\/\\\/www.chemin-neuf.ch\\\/de\\\/zweite-sitzung-der-synode-in-rom\\\/#primaryimage\",\"url\":\"https:\\\/\\\/www.chemin-neuf.ch\\\/wp-content\\\/uploads\\\/2024\\\/10\\\/Rome_Synode.jpeg\",\"contentUrl\":\"https:\\\/\\\/www.chemin-neuf.ch\\\/wp-content\\\/uploads\\\/2024\\\/10\\\/Rome_Synode.jpeg\",\"width\":1920,\"height\":711},{\"@type\":\"BreadcrumbList\",\"@id\":\"https:\\\/\\\/www.chemin-neuf.ch\\\/de\\\/zweite-sitzung-der-synode-in-rom\\\/#breadcrumb\",\"itemListElement\":[{\"@type\":\"ListItem\",\"position\":1,\"name\":\"Home\",\"item\":\"https:\\\/\\\/www.chemin-neuf.ch\\\/de\\\/\"},{\"@type\":\"ListItem\",\"position\":2,\"name\":\"Zweite Sitzung der Synode in Rom, Oktober 2024\"}]},{\"@type\":\"WebSite\",\"@id\":\"https:\\\/\\\/www.chemin-neuf.ch\\\/de\\\/#website\",\"url\":\"https:\\\/\\\/www.chemin-neuf.ch\\\/de\\\/\",\"name\":\"Chemin Neuf Suisse\",\"description\":\"La Communaut\u00e9 du Chemin Neuf en Suisse\",\"potentialAction\":[{\"@type\":\"SearchAction\",\"target\":{\"@type\":\"EntryPoint\",\"urlTemplate\":\"https:\\\/\\\/www.chemin-neuf.ch\\\/de\\\/?s={search_term_string}\"},\"query-input\":{\"@type\":\"PropertyValueSpecification\",\"valueRequired\":true,\"valueName\":\"search_term_string\"}}],\"inLanguage\":\"de\"},{\"@type\":\"Person\",\"@id\":\"https:\\\/\\\/www.chemin-neuf.ch\\\/de\\\/#\\\/schema\\\/person\\\/d3653acbe19aaee12c428f4743dad642\",\"name\":\"Francis Schubiger\",\"image\":{\"@type\":\"ImageObject\",\"inLanguage\":\"de\",\"@id\":\"https:\\\/\\\/secure.gravatar.com\\\/avatar\\\/5228e6903884aa423c8c0e45ac9336ecd318c1f17074fffce583b5327db7d9f1?s=96&d=mm&r=g\",\"url\":\"https:\\\/\\\/secure.gravatar.com\\\/avatar\\\/5228e6903884aa423c8c0e45ac9336ecd318c1f17074fffce583b5327db7d9f1?s=96&d=mm&r=g\",\"contentUrl\":\"https:\\\/\\\/secure.gravatar.com\\\/avatar\\\/5228e6903884aa423c8c0e45ac9336ecd318c1f17074fffce583b5327db7d9f1?s=96&d=mm&r=g\",\"caption\":\"Francis Schubiger\"}}]}<\/script>\n<!-- \/ Yoast SEO plugin. -->","yoast_head_json":{"title":"Zweite Sitzung der Synode in Rom, Oktober 2024 - Chemin Neuf Suisse","description":"Sr Anne-Cahty Graber, geschwisterliche Delegierte an der Synode in Rom","robots":{"index":"index","follow":"follow","max-snippet":"max-snippet:-1","max-image-preview":"max-image-preview:large","max-video-preview":"max-video-preview:-1"},"canonical":"https:\/\/www.chemin-neuf.ch\/de\/zweite-sitzung-der-synode-in-rom\/","og_locale":"de_DE","og_type":"article","og_title":"Zweite Sitzung der Synode in Rom, Oktober 2024 - Chemin Neuf Suisse","og_description":"Sr Anne-Cahty Graber, geschwisterliche Delegierte an der Synode in Rom","og_url":"https:\/\/www.chemin-neuf.ch\/de\/zweite-sitzung-der-synode-in-rom\/","og_site_name":"Chemin Neuf Suisse","article_published_time":"2024-10-02T17:33:18+00:00","article_modified_time":"2026-02-02T13:32:10+00:00","og_image":[{"width":1920,"height":711,"url":"https:\/\/www.chemin-neuf.ch\/wp-content\/uploads\/2024\/10\/Rome_Synode.jpeg","type":"image\/jpeg"}],"author":"Francis Schubiger","twitter_card":"summary_large_image","twitter_misc":{"Verfasst von":"Francis Schubiger","Gesch\u00e4tzte Lesezeit":"3\u00a0Minuten"},"schema":{"@context":"https:\/\/schema.org","@graph":[{"@type":"Article","@id":"https:\/\/www.chemin-neuf.ch\/de\/zweite-sitzung-der-synode-in-rom\/#article","isPartOf":{"@id":"https:\/\/www.chemin-neuf.ch\/de\/zweite-sitzung-der-synode-in-rom\/"},"author":{"name":"Francis Schubiger","@id":"https:\/\/www.chemin-neuf.ch\/de\/#\/schema\/person\/d3653acbe19aaee12c428f4743dad642"},"headline":"Zweite Sitzung der Synode in Rom, Oktober 2024","datePublished":"2024-10-02T17:33:18+00:00","dateModified":"2026-02-02T13:32:10+00:00","mainEntityOfPage":{"@id":"https:\/\/www.chemin-neuf.ch\/de\/zweite-sitzung-der-synode-in-rom\/"},"wordCount":465,"commentCount":0,"image":{"@id":"https:\/\/www.chemin-neuf.ch\/de\/zweite-sitzung-der-synode-in-rom\/#primaryimage"},"thumbnailUrl":"https:\/\/www.chemin-neuf.ch\/wp-content\/uploads\/2024\/10\/Rome_Synode.jpeg","articleSection":["Internationale Nachrichten"],"inLanguage":"de","potentialAction":[{"@type":"CommentAction","name":"Comment","target":["https:\/\/www.chemin-neuf.ch\/de\/zweite-sitzung-der-synode-in-rom\/#respond"]}]},{"@type":"WebPage","@id":"https:\/\/www.chemin-neuf.ch\/de\/zweite-sitzung-der-synode-in-rom\/","url":"https:\/\/www.chemin-neuf.ch\/de\/zweite-sitzung-der-synode-in-rom\/","name":"Zweite Sitzung der Synode in Rom, Oktober 2024 - Chemin Neuf Suisse","isPartOf":{"@id":"https:\/\/www.chemin-neuf.ch\/de\/#website"},"primaryImageOfPage":{"@id":"https:\/\/www.chemin-neuf.ch\/de\/zweite-sitzung-der-synode-in-rom\/#primaryimage"},"image":{"@id":"https:\/\/www.chemin-neuf.ch\/de\/zweite-sitzung-der-synode-in-rom\/#primaryimage"},"thumbnailUrl":"https:\/\/www.chemin-neuf.ch\/wp-content\/uploads\/2024\/10\/Rome_Synode.jpeg","datePublished":"2024-10-02T17:33:18+00:00","dateModified":"2026-02-02T13:32:10+00:00","author":{"@id":"https:\/\/www.chemin-neuf.ch\/de\/#\/schema\/person\/d3653acbe19aaee12c428f4743dad642"},"description":"Sr Anne-Cahty Graber, geschwisterliche Delegierte an der Synode in Rom","breadcrumb":{"@id":"https:\/\/www.chemin-neuf.ch\/de\/zweite-sitzung-der-synode-in-rom\/#breadcrumb"},"inLanguage":"de","potentialAction":[{"@type":"ReadAction","target":["https:\/\/www.chemin-neuf.ch\/de\/zweite-sitzung-der-synode-in-rom\/"]}]},{"@type":"ImageObject","inLanguage":"de","@id":"https:\/\/www.chemin-neuf.ch\/de\/zweite-sitzung-der-synode-in-rom\/#primaryimage","url":"https:\/\/www.chemin-neuf.ch\/wp-content\/uploads\/2024\/10\/Rome_Synode.jpeg","contentUrl":"https:\/\/www.chemin-neuf.ch\/wp-content\/uploads\/2024\/10\/Rome_Synode.jpeg","width":1920,"height":711},{"@type":"BreadcrumbList","@id":"https:\/\/www.chemin-neuf.ch\/de\/zweite-sitzung-der-synode-in-rom\/#breadcrumb","itemListElement":[{"@type":"ListItem","position":1,"name":"Home","item":"https:\/\/www.chemin-neuf.ch\/de\/"},{"@type":"ListItem","position":2,"name":"Zweite Sitzung der Synode in Rom, Oktober 2024"}]},{"@type":"WebSite","@id":"https:\/\/www.chemin-neuf.ch\/de\/#website","url":"https:\/\/www.chemin-neuf.ch\/de\/","name":"Chemin Neuf Suisse","description":"La Communaut\u00e9 du Chemin Neuf en Suisse","potentialAction":[{"@type":"SearchAction","target":{"@type":"EntryPoint","urlTemplate":"https:\/\/www.chemin-neuf.ch\/de\/?s={search_term_string}"},"query-input":{"@type":"PropertyValueSpecification","valueRequired":true,"valueName":"search_term_string"}}],"inLanguage":"de"},{"@type":"Person","@id":"https:\/\/www.chemin-neuf.ch\/de\/#\/schema\/person\/d3653acbe19aaee12c428f4743dad642","name":"Francis Schubiger","image":{"@type":"ImageObject","inLanguage":"de","@id":"https:\/\/secure.gravatar.com\/avatar\/5228e6903884aa423c8c0e45ac9336ecd318c1f17074fffce583b5327db7d9f1?s=96&d=mm&r=g","url":"https:\/\/secure.gravatar.com\/avatar\/5228e6903884aa423c8c0e45ac9336ecd318c1f17074fffce583b5327db7d9f1?s=96&d=mm&r=g","contentUrl":"https:\/\/secure.gravatar.com\/avatar\/5228e6903884aa423c8c0e45ac9336ecd318c1f17074fffce583b5327db7d9f1?s=96&d=mm&r=g","caption":"Francis Schubiger"}}]}},"_links":{"self":[{"href":"https:\/\/www.chemin-neuf.ch\/de\/wp-json\/wp\/v2\/posts\/52294","targetHints":{"allow":["GET"]}}],"collection":[{"href":"https:\/\/www.chemin-neuf.ch\/de\/wp-json\/wp\/v2\/posts"}],"about":[{"href":"https:\/\/www.chemin-neuf.ch\/de\/wp-json\/wp\/v2\/types\/post"}],"author":[{"embeddable":true,"href":"https:\/\/www.chemin-neuf.ch\/de\/wp-json\/wp\/v2\/users\/6"}],"replies":[{"embeddable":true,"href":"https:\/\/www.chemin-neuf.ch\/de\/wp-json\/wp\/v2\/comments?post=52294"}],"version-history":[{"count":7,"href":"https:\/\/www.chemin-neuf.ch\/de\/wp-json\/wp\/v2\/posts\/52294\/revisions"}],"predecessor-version":[{"id":53174,"href":"https:\/\/www.chemin-neuf.ch\/de\/wp-json\/wp\/v2\/posts\/52294\/revisions\/53174"}],"wp:featuredmedia":[{"embeddable":true,"href":"https:\/\/www.chemin-neuf.ch\/de\/wp-json\/wp\/v2\/media\/52292"}],"wp:attachment":[{"href":"https:\/\/www.chemin-neuf.ch\/de\/wp-json\/wp\/v2\/media?parent=52294"}],"wp:term":[{"taxonomy":"category","embeddable":true,"href":"https:\/\/www.chemin-neuf.ch\/de\/wp-json\/wp\/v2\/categories?post=52294"},{"taxonomy":"post_tag","embeddable":true,"href":"https:\/\/www.chemin-neuf.ch\/de\/wp-json\/wp\/v2\/tags?post=52294"}],"curies":[{"name":"wp","href":"https:\/\/api.w.org\/{rel}","templated":true}]}}